{"id":289,"date":"2025-03-01T15:41:26","date_gmt":"2025-03-01T14:41:26","guid":{"rendered":"https:\/\/lazarus.elk.pl\/?p=289"},"modified":"2025-04-07T15:47:19","modified_gmt":"2025-04-07T13:47:19","slug":"asystent-osobisty-osoby-z-niepelnosprawnoscia-dla-jednostek-samorzadu-terytorialnego-edycja-2025","status":"publish","type":"post","link":"https:\/\/lazarus.elk.pl\/?p=289","title":{"rendered":"&#8222;Asystent osobisty osoby z niepe\u0142nosprawno\u015bci\u0105&#8221; dla Jednostek Samorz\u0105du Terytorialnego-edycja 2025"},"content":{"rendered":"\n<p>&#8222;Asystent osobisty osoby z niepe\u0142nosprawno\u015bci\u0105&#8221; dla Jednostek Samorz\u0105du Terytorialnego-edycja 2025 finansowany ze \u015brodk\u00f3w Funduszu Solidarno\u015bciowego oraz ze \u015brodk\u00f3w Gminy Miasta E\u0142k. Kwota dofinansowania w ca\u0142o\u015bci pokrywa warto\u015b\u0107&nbsp; projektu tj.&nbsp;<strong>1 653 671,00 z\u0142<\/strong>.<\/p>\n\n\n\n<p>Realizacja zadania obejmuje okres od 1 marca do 31 grudnia 2025 r.<\/p>\n\n\n\n<p>Program&nbsp; jest elementem polityki pa\u0144stwa w zakresie: poprawy jako\u015bci \u017cycia os\u00f3b z niepe\u0142nosprawno\u015bciami, w szczeg\u00f3lno\u015bci poprzez umo\u017cliwienie im jak najbardziej niezale\u017cnego \u017cycia; wsparcia os\u00f3b z niepe\u0142nosprawno\u015bciami oraz zapewnienie pomocy adekwatnej do potrzeb; uczestnictwa os\u00f3b w niepe\u0142nosprawno\u015bciami w wydarzeniach spo\u0142ecznych, kulturalnych, rozrywkowych lub sportowych itp.; zwi\u0119kszenie wsparcia asystenckiego dla uczni\u00f3w z niepe\u0142nosprawno\u015bciami ze specjalnymi potrzebami edukacyjnymi, tak\u017ce w innych wymiarach \u017cycia i funkcjonowania spo\u0142ecznego.<\/p>\n\n\n\n<figure class=\"wp-block-image size-full\"><img loading=\"lazy\" decoding=\"async\" width=\"1587\" height=\"2245\" src=\"https:\/\/lazarus.elk.pl\/wp-content\/uploads\/Plakat_AOON_JST_2025.jpg\" alt=\"\" class=\"wp-image-290\" srcset=\"https:\/\/lazarus.elk.pl\/wp-content\/uploads\/Plakat_AOON_JST_2025.jpg 1587w, https:\/\/lazarus.elk.pl\/wp-content\/uploads\/Plakat_AOON_JST_2025-768x1086.jpg 768w, https:\/\/lazarus.elk.pl\/wp-content\/uploads\/Plakat_AOON_JST_2025-1086x1536.jpg 1086w, https:\/\/lazarus.elk.pl\/wp-content\/uploads\/Plakat_AOON_JST_2025-1448x2048.jpg 1448w\" sizes=\"auto, (max-width: 1587px) 100vw, 1587px\" \/><\/figure>\n","protected":false},"excerpt":{"rendered":"<p>&#8222;Asystent osobisty osoby z niepe\u0142nosprawno\u015bci\u0105&#8221; dla Jednostek Samorz\u0105du Terytorialnego-edycja 2025 finansowany ze \u015brodk\u00f3w Funduszu Solidarno\u015bciowego oraz ze \u015brodk\u00f3w Gminy Miasta E\u0142k. Kwota dofinansowania w ca\u0142o\u015bci pokrywa warto\u015b\u0107&nbsp; projektu tj.&nbsp;1 653 671,00 z\u0142. Realizacja zadania obejmuje okres od 1 marca do 31 grudnia 2025 r. Program&nbsp; jest elementem polityki pa\u0144stwa w zakresie: poprawy jako\u015bci \u017cycia os\u00f3b [&hellip;]<\/p>\n","protected":false},"author":3,"featured_media":290,"comment_status":"open","ping_status":"open","sticky":false,"template":"","format":"standard","meta":{"footnotes":""},"categories":[8],"tags":[],"class_list":["post-289","post","type-post","status-publish","format-standard","has-post-thumbnail","hentry","category-projekty"],"_links":{"self":[{"href":"https:\/\/lazarus.elk.pl\/index.php?rest_route=\/wp\/v2\/posts\/289","targetHints":{"allow":["GET"]}}],"collection":[{"href":"https:\/\/lazarus.elk.pl\/index.php?rest_route=\/wp\/v2\/posts"}],"about":[{"href":"https:\/\/lazarus.elk.pl\/index.php?rest_route=\/wp\/v2\/types\/post"}],"author":[{"embeddable":true,"href":"https:\/\/lazarus.elk.pl\/index.php?rest_route=\/wp\/v2\/users\/3"}],"replies":[{"embeddable":true,"href":"https:\/\/lazarus.elk.pl\/index.php?rest_route=%2Fwp%2Fv2%2Fcomments&post=289"}],"version-history":[{"count":2,"href":"https:\/\/lazarus.elk.pl\/index.php?rest_route=\/wp\/v2\/posts\/289\/revisions"}],"predecessor-version":[{"id":292,"href":"https:\/\/lazarus.elk.pl\/index.php?rest_route=\/wp\/v2\/posts\/289\/revisions\/292"}],"wp:featuredmedia":[{"embeddable":true,"href":"https:\/\/lazarus.elk.pl\/index.php?rest_route=\/wp\/v2\/media\/290"}],"wp:attachment":[{"href":"https:\/\/lazarus.elk.pl\/index.php?rest_route=%2Fwp%2Fv2%2Fmedia&parent=289"}],"wp:term":[{"taxonomy":"category","embeddable":true,"href":"https:\/\/lazarus.elk.pl\/index.php?rest_route=%2Fwp%2Fv2%2Fcategories&post=289"},{"taxonomy":"post_tag","embeddable":true,"href":"https:\/\/lazarus.elk.pl\/index.php?rest_route=%2Fwp%2Fv2%2Ftags&post=289"}],"curies":[{"name":"wp","href":"https:\/\/api.w.org\/{rel}","templated":true}]}}