{"id":286,"date":"2025-03-01T15:36:00","date_gmt":"2025-03-01T14:36:00","guid":{"rendered":"https:\/\/lazarus.elk.pl\/?p=286"},"modified":"2025-04-07T16:03:12","modified_gmt":"2025-04-07T14:03:12","slug":"asystent-osobisty-osoby-z-niepelnosprawnoscia-dla-organizacji-pozarzadowych-edycja-2025","status":"publish","type":"post","link":"https:\/\/lazarus.elk.pl\/?p=286","title":{"rendered":"&#8222;Asystent Osobisty Osoby\u00a0 z Niepe\u0142nosprawno\u015bci\u0105&#8221; dla Organizacji Pozarz\u0105dowych-edycja 2025"},"content":{"rendered":"\n<p>&#8222;Asystent Osobisty Osoby\u00a0 z Niepe\u0142nosprawno\u015bci\u0105&#8221; dla Organizacji Pozarz\u0105dowych-edycja 2025. Projekt jest realizowany od 1 marca do 31 grudnia 2025 r. Zadanie jest finansowane ze \u015brodk\u00f3w Funduszu Solidarno\u015bciowego w ramach resortowego Programu Ministra Rodziny, Pracy i Polityki Spo\u0142ecznej w wysoko\u015bci 506 087,40 z\u0142. G\u0142\u00f3wnym celem Programu jest wprowadzenie us\u0142ug asystencji osobistej jako formy og\u00f3lnodost\u0119pnego wsparcia w wykonywaniu codziennych czynno\u015bci oraz funkcjonowaniu w \u017cyciu spo\u0142ecznym. Us\u0142ugi asystenckie mog\u0105 uzupe\u0142nia\u0107 us\u0142ugi opieku\u0144cze, nie mog\u0105 ich jednak zast\u0119powa\u0107. Zadaniem asystenta nie jest podejmowanie decyzji za osob\u0119 z niepe\u0142nosprawno\u015bci\u0105, lecz wy\u0142\u0105cznie udzielanie jej pomocy lub wsparcia w realizacji osobistych cel\u00f3w.<\/p>\n\n\n\n<figure class=\"wp-block-image size-full\"><img loading=\"lazy\" decoding=\"async\" width=\"1587\" height=\"2245\" src=\"https:\/\/lazarus.elk.pl\/wp-content\/uploads\/Plakat_AOON_org-poz_2025.jpg\" alt=\"\" class=\"wp-image-287\" srcset=\"https:\/\/lazarus.elk.pl\/wp-content\/uploads\/Plakat_AOON_org-poz_2025.jpg 1587w, https:\/\/lazarus.elk.pl\/wp-content\/uploads\/Plakat_AOON_org-poz_2025-768x1086.jpg 768w, https:\/\/lazarus.elk.pl\/wp-content\/uploads\/Plakat_AOON_org-poz_2025-1086x1536.jpg 1086w, https:\/\/lazarus.elk.pl\/wp-content\/uploads\/Plakat_AOON_org-poz_2025-1448x2048.jpg 1448w\" sizes=\"auto, (max-width: 1587px) 100vw, 1587px\" \/><\/figure>\n","protected":false},"excerpt":{"rendered":"<p>&#8222;Asystent Osobisty Osoby\u00a0 z Niepe\u0142nosprawno\u015bci\u0105&#8221; dla Organizacji Pozarz\u0105dowych-edycja 2025. Projekt jest realizowany od 1 marca do 31 grudnia 2025 r. Zadanie jest finansowane ze \u015brodk\u00f3w Funduszu Solidarno\u015bciowego w ramach resortowego Programu Ministra Rodziny, Pracy i Polityki Spo\u0142ecznej w wysoko\u015bci 506 087,40 z\u0142. G\u0142\u00f3wnym celem Programu jest wprowadzenie us\u0142ug asystencji osobistej jako formy og\u00f3lnodost\u0119pnego wsparcia w [&hellip;]<\/p>\n","protected":false},"author":3,"featured_media":287,"comment_status":"open","ping_status":"open","sticky":false,"template":"","format":"standard","meta":{"footnotes":""},"categories":[8],"tags":[],"class_list":["post-286","post","type-post","status-publish","format-standard","has-post-thumbnail","hentry","category-projekty"],"_links":{"self":[{"href":"https:\/\/lazarus.elk.pl\/index.php?rest_route=\/wp\/v2\/posts\/286","targetHints":{"allow":["GET"]}}],"collection":[{"href":"https:\/\/lazarus.elk.pl\/index.php?rest_route=\/wp\/v2\/posts"}],"about":[{"href":"https:\/\/lazarus.elk.pl\/index.php?rest_route=\/wp\/v2\/types\/post"}],"author":[{"embeddable":true,"href":"https:\/\/lazarus.elk.pl\/index.php?rest_route=\/wp\/v2\/users\/3"}],"replies":[{"embeddable":true,"href":"https:\/\/lazarus.elk.pl\/index.php?rest_route=%2Fwp%2Fv2%2Fcomments&post=286"}],"version-history":[{"count":2,"href":"https:\/\/lazarus.elk.pl\/index.php?rest_route=\/wp\/v2\/posts\/286\/revisions"}],"predecessor-version":[{"id":293,"href":"https:\/\/lazarus.elk.pl\/index.php?rest_route=\/wp\/v2\/posts\/286\/revisions\/293"}],"wp:featuredmedia":[{"embeddable":true,"href":"https:\/\/lazarus.elk.pl\/index.php?rest_route=\/wp\/v2\/media\/287"}],"wp:attachment":[{"href":"https:\/\/lazarus.elk.pl\/index.php?rest_route=%2Fwp%2Fv2%2Fmedia&parent=286"}],"wp:term":[{"taxonomy":"category","embeddable":true,"href":"https:\/\/lazarus.elk.pl\/index.php?rest_route=%2Fwp%2Fv2%2Fcategories&post=286"},{"taxonomy":"post_tag","embeddable":true,"href":"https:\/\/lazarus.elk.pl\/index.php?rest_route=%2Fwp%2Fv2%2Ftags&post=286"}],"curies":[{"name":"wp","href":"https:\/\/api.w.org\/{rel}","templated":true}]}}