{"id":247,"date":"2024-03-05T10:06:00","date_gmt":"2024-03-05T09:06:00","guid":{"rendered":"https:\/\/lazarus.elk.pl\/?p=247"},"modified":"2024-07-08T11:04:18","modified_gmt":"2024-07-08T09:04:18","slug":"ogloszenie","status":"publish","type":"post","link":"https:\/\/lazarus.elk.pl\/?p=247","title":{"rendered":"Og\u0142oszenie"},"content":{"rendered":"\n<p>Stowarzyszenie Pomocy Humanitarnej im. \u015bw. \u0141azarza z siedzib\u0105 w E\u0142ku informuje, \u017ce rusza nab\u00f3r uczestnik\u00f3w do Programu \u201eAsystent osobisty osoby&nbsp; z niepe\u0142nosprawno\u015bci\u0105\u201d. Planowany termin realizacji projektu to 01.04.2024 \u2013 31.12.2024r. Warunki udzia\u0142u, wzory wniosku i za\u0142\u0105cznik\u00f3w mo\u017cna pobra\u0107 na stronie: https:\/\/www.gov.pl\/web\/rodzina\/otwarty-konkurs-ofert-w-ramach-programu-resortowego-ministra-rodziny-i-polityki-spolecznej-asystent-osobisty-osoby-z-niepelnosprawnoscia-dla-organizacji-pozarzadowych\u2013edycja-2024 lub w siedzibie Stowarzyszenia. Prosimy o do\u0142\u0105czenie do wniosku kserokopii orzeczenia o niepe\u0142nosprawno\u015bci. Ilo\u015b\u0107 miejsc jest ograniczona, a nab\u00f3r wniosk\u00f3w b\u0119dzie prowadzony w spos\u00f3b ci\u0105g\u0142y do czasu wyczerpania limitu miejsc. W pierwszej kolejno\u015bci do Programu przyjmowane b\u0119d\u0105 osoby wymagaj\u0105ce wysokiego poziomu wsparcia.<\/p>\n\n\n\n<figure class=\"wp-block-image size-full\"><img loading=\"lazy\" decoding=\"async\" width=\"1414\" height=\"2000\" src=\"https:\/\/lazarus.elk.pl\/wp-content\/uploads\/AOON_2024_Ministerstwo.png\" alt=\"\" class=\"wp-image-251\" srcset=\"https:\/\/lazarus.elk.pl\/wp-content\/uploads\/AOON_2024_Ministerstwo.png 1414w, https:\/\/lazarus.elk.pl\/wp-content\/uploads\/AOON_2024_Ministerstwo-768x1086.png 768w, https:\/\/lazarus.elk.pl\/wp-content\/uploads\/AOON_2024_Ministerstwo-1086x1536.png 1086w\" sizes=\"auto, (max-width: 1414px) 100vw, 1414px\" \/><\/figure>\n","protected":false},"excerpt":{"rendered":"<p>Stowarzyszenie Pomocy Humanitarnej im. \u015bw. \u0141azarza z siedzib\u0105 w E\u0142ku informuje, \u017ce rusza nab\u00f3r uczestnik\u00f3w do Programu \u201eAsystent osobisty osoby&nbsp; z niepe\u0142nosprawno\u015bci\u0105\u201d. Planowany termin realizacji projektu to 01.04.2024 \u2013 31.12.2024r. Warunki udzia\u0142u, wzory wniosku i za\u0142\u0105cznik\u00f3w mo\u017cna pobra\u0107 na stronie: https:\/\/www.gov.pl\/web\/rodzina\/otwarty-konkurs-ofert-w-ramach-programu-resortowego-ministra-rodziny-i-polityki-spolecznej-asystent-osobisty-osoby-z-niepelnosprawnoscia-dla-organizacji-pozarzadowych\u2013edycja-2024 lub w siedzibie Stowarzyszenia. Prosimy o do\u0142\u0105czenie do wniosku kserokopii orzeczenia o niepe\u0142nosprawno\u015bci. Ilo\u015b\u0107 [&hellip;]<\/p>\n","protected":false},"author":3,"featured_media":251,"comment_status":"open","ping_status":"open","sticky":false,"template":"","format":"standard","meta":{"footnotes":""},"categories":[1],"tags":[],"class_list":["post-247","post","type-post","status-publish","format-standard","has-post-thumbnail","hentry","category-bez-kategorii"],"_links":{"self":[{"href":"https:\/\/lazarus.elk.pl\/index.php?rest_route=\/wp\/v2\/posts\/247","targetHints":{"allow":["GET"]}}],"collection":[{"href":"https:\/\/lazarus.elk.pl\/index.php?rest_route=\/wp\/v2\/posts"}],"about":[{"href":"https:\/\/lazarus.elk.pl\/index.php?rest_route=\/wp\/v2\/types\/post"}],"author":[{"embeddable":true,"href":"https:\/\/lazarus.elk.pl\/index.php?rest_route=\/wp\/v2\/users\/3"}],"replies":[{"embeddable":true,"href":"https:\/\/lazarus.elk.pl\/index.php?rest_route=%2Fwp%2Fv2%2Fcomments&post=247"}],"version-history":[{"count":2,"href":"https:\/\/lazarus.elk.pl\/index.php?rest_route=\/wp\/v2\/posts\/247\/revisions"}],"predecessor-version":[{"id":252,"href":"https:\/\/lazarus.elk.pl\/index.php?rest_route=\/wp\/v2\/posts\/247\/revisions\/252"}],"wp:featuredmedia":[{"embeddable":true,"href":"https:\/\/lazarus.elk.pl\/index.php?rest_route=\/wp\/v2\/media\/251"}],"wp:attachment":[{"href":"https:\/\/lazarus.elk.pl\/index.php?rest_route=%2Fwp%2Fv2%2Fmedia&parent=247"}],"wp:term":[{"taxonomy":"category","embeddable":true,"href":"https:\/\/lazarus.elk.pl\/index.php?rest_route=%2Fwp%2Fv2%2Fcategories&post=247"},{"taxonomy":"post_tag","embeddable":true,"href":"https:\/\/lazarus.elk.pl\/index.php?rest_route=%2Fwp%2Fv2%2Ftags&post=247"}],"curies":[{"name":"wp","href":"https:\/\/api.w.org\/{rel}","templated":true}]}}