{"id":160,"date":"2023-10-13T09:48:32","date_gmt":"2023-10-13T07:48:32","guid":{"rendered":"https:\/\/lazarus.elk.pl\/?p=160"},"modified":"2023-10-13T09:48:32","modified_gmt":"2023-10-13T07:48:32","slug":"pomagamy-i-chronimy-pomoc-pielegniarska-oraz-opiekuncza-seniorom-i-niepelnosprawnym-gmina-prostki","status":"publish","type":"post","link":"https:\/\/lazarus.elk.pl\/?p=160","title":{"rendered":"\u201ePomagamy i chronimy \u2013 pomoc piel\u0119gniarska oraz opieku\u0144cza seniorom i niepe\u0142nosprawnym\u201d Gmina Prostki"},"content":{"rendered":"\n<p>\u201ePomagamy i chronimy \u2013 pomoc piel\u0119gniarska oraz opieku\u0144cza seniorom i niepe\u0142nosprawnym\u201d Gmina Prostki \u2013 kwota dofinansowania \u2013 25.000,00z\u0142. Projekt finansowany jest przez Gmin\u0119 Prostki. Zadanie realizowane w terminie od 1 kwietnia do 31 grudnia 2023 roku i obejmie wszechstronn\u0105 pomoc w funkcjonowaniu spo\u0142ecznym i za\u0142atwianiu spraw \u017cycia codziennego, w tym wsparcie w postaci us\u0142ug piel\u0119gniarskich i opieku\u0144czych senior\u00f3w i os\u00f3b przewlekle chorych, samotnych oraz ubogich zamieszkuj\u0105cych na terenie Gminy Prostki. G\u0142\u00f3wnym celem projektu jest poprawa jako\u015bci funkcjonowania os\u00f3b starszych i przewlekle chorych z terenu Gminy Prostki lub utrzymanie obecnego stanu ich zdrowia przez \u015bwiadczenie us\u0142ug opieku\u0144czych (piel\u0119gnacyjnych, higienicznych) i piel\u0119gniarskich w miejscu zamieszkania podopiecznego oraz wszechstronn\u0105 pomoc w funkcjonowaniu spo\u0142ecznym i za\u0142atwianiu spraw \u017cycia codziennego.<\/p>\n","protected":false},"excerpt":{"rendered":"<p>\u201ePomagamy i chronimy \u2013 pomoc piel\u0119gniarska oraz opieku\u0144cza seniorom i niepe\u0142nosprawnym\u201d Gmina Prostki \u2013 kwota dofinansowania \u2013 25.000,00z\u0142. Projekt finansowany jest przez Gmin\u0119 Prostki. Zadanie realizowane w terminie od 1 kwietnia do 31 grudnia 2023 roku i obejmie wszechstronn\u0105 pomoc w funkcjonowaniu spo\u0142ecznym i za\u0142atwianiu spraw \u017cycia codziennego, w tym wsparcie w postaci us\u0142ug piel\u0119gniarskich [&hellip;]<\/p>\n","protected":false},"author":1,"featured_media":161,"comment_status":"open","ping_status":"open","sticky":false,"template":"","format":"standard","meta":{"footnotes":""},"categories":[8],"tags":[],"class_list":["post-160","post","type-post","status-publish","format-standard","has-post-thumbnail","hentry","category-projekty"],"_links":{"self":[{"href":"https:\/\/lazarus.elk.pl\/index.php?rest_route=\/wp\/v2\/posts\/160","targetHints":{"allow":["GET"]}}],"collection":[{"href":"https:\/\/lazarus.elk.pl\/index.php?rest_route=\/wp\/v2\/posts"}],"about":[{"href":"https:\/\/lazarus.elk.pl\/index.php?rest_route=\/wp\/v2\/types\/post"}],"author":[{"embeddable":true,"href":"https:\/\/lazarus.elk.pl\/index.php?rest_route=\/wp\/v2\/users\/1"}],"replies":[{"embeddable":true,"href":"https:\/\/lazarus.elk.pl\/index.php?rest_route=%2Fwp%2Fv2%2Fcomments&post=160"}],"version-history":[{"count":1,"href":"https:\/\/lazarus.elk.pl\/index.php?rest_route=\/wp\/v2\/posts\/160\/revisions"}],"predecessor-version":[{"id":162,"href":"https:\/\/lazarus.elk.pl\/index.php?rest_route=\/wp\/v2\/posts\/160\/revisions\/162"}],"wp:featuredmedia":[{"embeddable":true,"href":"https:\/\/lazarus.elk.pl\/index.php?rest_route=\/wp\/v2\/media\/161"}],"wp:attachment":[{"href":"https:\/\/lazarus.elk.pl\/index.php?rest_route=%2Fwp%2Fv2%2Fmedia&parent=160"}],"wp:term":[{"taxonomy":"category","embeddable":true,"href":"https:\/\/lazarus.elk.pl\/index.php?rest_route=%2Fwp%2Fv2%2Fcategories&post=160"},{"taxonomy":"post_tag","embeddable":true,"href":"https:\/\/lazarus.elk.pl\/index.php?rest_route=%2Fwp%2Fv2%2Ftags&post=160"}],"curies":[{"name":"wp","href":"https:\/\/api.w.org\/{rel}","templated":true}]}}